{"id":964,"date":"2023-09-27T07:42:07","date_gmt":"2023-09-27T05:42:07","guid":{"rendered":"https:\/\/akz-schweiz.ch\/?p=964"},"modified":"2023-09-27T07:46:13","modified_gmt":"2023-09-27T05:46:13","slug":"congres-internaional-sur-le-recyclage-des-batteries","status":"publish","type":"post","link":"https:\/\/akz-schweiz.ch\/fr\/congres-internaional-sur-le-recyclage-des-batteries\/","title":{"rendered":"Congr\u00e8s internaional sur le recyclage des batteries"},"content":{"rendered":"<p>Notre chef de la strat\u00e9gie, Viktor Haefeli, a particip\u00e9 au Congr\u00e8s international de la batterie \u00e0 Valence.<\/p>\n<p>Tu peux <a href=\"http:\/\/akz-schweiz.ch\/wp-content\/uploads\/2023\/09\/Rapport-du-Congres-international-sur-le-recyclage-des-batteries-1.pdf\">t\u00e9l\u00e9charger son rapport en format PDF<\/a>.<\/p>\n","protected":false},"excerpt":{"rendered":"<p>Notre chef de la strat\u00e9gie, Viktor Haefeli, a particip\u00e9 au  [&#8230;]<\/p>\n","protected":false},"author":6,"featured_media":962,"comment_status":"open","ping_status":"open","sticky":false,"template":"","format":"standard","meta":{"_seopress_robots_primary_cat":"none","_seopress_titles_title":"","_seopress_titles_desc":"","_seopress_robots_index":"","footnotes":""},"categories":[28],"tags":[],"class_list":["post-964","post","type-post","status-publish","format-standard","has-post-thumbnail","hentry","category-actualites"],"_links":{"self":[{"href":"https:\/\/akz-schweiz.ch\/fr\/wp-json\/wp\/v2\/posts\/964","targetHints":{"allow":["GET"]}}],"collection":[{"href":"https:\/\/akz-schweiz.ch\/fr\/wp-json\/wp\/v2\/posts"}],"about":[{"href":"https:\/\/akz-schweiz.ch\/fr\/wp-json\/wp\/v2\/types\/post"}],"author":[{"embeddable":true,"href":"https:\/\/akz-schweiz.ch\/fr\/wp-json\/wp\/v2\/users\/6"}],"replies":[{"embeddable":true,"href":"https:\/\/akz-schweiz.ch\/fr\/wp-json\/wp\/v2\/comments?post=964"}],"version-history":[{"count":3,"href":"https:\/\/akz-schweiz.ch\/fr\/wp-json\/wp\/v2\/posts\/964\/revisions"}],"predecessor-version":[{"id":970,"href":"https:\/\/akz-schweiz.ch\/fr\/wp-json\/wp\/v2\/posts\/964\/revisions\/970"}],"wp:featuredmedia":[{"embeddable":true,"href":"https:\/\/akz-schweiz.ch\/fr\/wp-json\/wp\/v2\/media\/962"}],"wp:attachment":[{"href":"https:\/\/akz-schweiz.ch\/fr\/wp-json\/wp\/v2\/media?parent=964"}],"wp:term":[{"taxonomy":"category","embeddable":true,"href":"https:\/\/akz-schweiz.ch\/fr\/wp-json\/wp\/v2\/categories?post=964"},{"taxonomy":"post_tag","embeddable":true,"href":"https:\/\/akz-schweiz.ch\/fr\/wp-json\/wp\/v2\/tags?post=964"}],"curies":[{"name":"wp","href":"https:\/\/api.w.org\/{rel}","templated":true}]}}