{"id":935,"date":"2023-08-13T08:42:08","date_gmt":"2023-08-13T06:42:08","guid":{"rendered":"https:\/\/akz-schweiz.ch\/?p=935"},"modified":"2023-08-13T08:42:08","modified_gmt":"2023-08-13T06:42:08","slug":"analyse-des-dommages-sur-une-batterie-zebra","status":"publish","type":"post","link":"https:\/\/akz-schweiz.ch\/fr\/analyse-des-dommages-sur-une-batterie-zebra\/","title":{"rendered":"Analyse des dommages sur une batterie ZEBRA"},"content":{"rendered":"<p class=\"western\"><span style=\"color: #000080;\"><span style=\"color: #000000;\"><span style=\"font-family: Helvetica Neue, sans-serif;\"><span style=\"font-size: small;\"><b>R\u00e9cemment, LiBaService 24 a \u00e9t\u00e9 charg\u00e9 d&rsquo;\u00e9liminer une batterie d&rsquo;une Fiat Panda Elektra. Le mandat comprenait un rapport technique sur la cause du dommage. L&rsquo;assureur voulait savoir comment ce dommage avait pu se produire. Le v\u00e9hicule aurait pris feu. AUTEF a proc\u00e9d\u00e9 \u00e0 l&rsquo;analyse.<\/b><\/span><\/span><\/span><\/span><\/p>\n<p class=\"western\"><a href=\"http:\/\/akz-schweiz.ch\/wp-content\/uploads\/2023\/08\/230808-ZEBRA-Batterie-fr.pdf\"><span style=\"color: #000080;\"><span style=\"color: #000000;\"><span style=\"font-family: Helvetica Neue, sans-serif;\"><span style=\"font-size: small;\">T\u00e9l\u00e9charger l&rsquo;article au format PDF<\/span><\/span><\/span><\/span><\/a><\/p>\n<p>&nbsp;<\/p>\n","protected":false},"excerpt":{"rendered":"<p>R\u00e9cemment, LiBaService 24 a \u00e9t\u00e9 charg\u00e9 d&rsquo;\u00e9liminer une batterie d&rsquo;une  [&#8230;]<\/p>\n","protected":false},"author":6,"featured_media":921,"comment_status":"open","ping_status":"open","sticky":false,"template":"","format":"standard","meta":{"_seopress_robots_primary_cat":"none","_seopress_titles_title":"","_seopress_titles_desc":"","_seopress_robots_index":"","footnotes":""},"categories":[28],"tags":[],"class_list":["post-935","post","type-post","status-publish","format-standard","has-post-thumbnail","hentry","category-actualites"],"_links":{"self":[{"href":"https:\/\/akz-schweiz.ch\/fr\/wp-json\/wp\/v2\/posts\/935","targetHints":{"allow":["GET"]}}],"collection":[{"href":"https:\/\/akz-schweiz.ch\/fr\/wp-json\/wp\/v2\/posts"}],"about":[{"href":"https:\/\/akz-schweiz.ch\/fr\/wp-json\/wp\/v2\/types\/post"}],"author":[{"embeddable":true,"href":"https:\/\/akz-schweiz.ch\/fr\/wp-json\/wp\/v2\/users\/6"}],"replies":[{"embeddable":true,"href":"https:\/\/akz-schweiz.ch\/fr\/wp-json\/wp\/v2\/comments?post=935"}],"version-history":[{"count":2,"href":"https:\/\/akz-schweiz.ch\/fr\/wp-json\/wp\/v2\/posts\/935\/revisions"}],"predecessor-version":[{"id":940,"href":"https:\/\/akz-schweiz.ch\/fr\/wp-json\/wp\/v2\/posts\/935\/revisions\/940"}],"wp:featuredmedia":[{"embeddable":true,"href":"https:\/\/akz-schweiz.ch\/fr\/wp-json\/wp\/v2\/media\/921"}],"wp:attachment":[{"href":"https:\/\/akz-schweiz.ch\/fr\/wp-json\/wp\/v2\/media?parent=935"}],"wp:term":[{"taxonomy":"category","embeddable":true,"href":"https:\/\/akz-schweiz.ch\/fr\/wp-json\/wp\/v2\/categories?post=935"},{"taxonomy":"post_tag","embeddable":true,"href":"https:\/\/akz-schweiz.ch\/fr\/wp-json\/wp\/v2\/tags?post=935"}],"curies":[{"name":"wp","href":"https:\/\/api.w.org\/{rel}","templated":true}]}}