{"id":788,"date":"2023-03-09T09:20:17","date_gmt":"2023-03-09T07:20:17","guid":{"rendered":"https:\/\/akz-schweiz.ch\/?p=788"},"modified":"2023-03-09T09:46:10","modified_gmt":"2023-03-09T07:46:10","slug":"le-scientifique-en-chef-de-toyota-insiste-sur-le-mix-de-propulsion-et-met-en-garde-contre-le-manque-de-ressources","status":"publish","type":"post","link":"https:\/\/akz-schweiz.ch\/fr\/le-scientifique-en-chef-de-toyota-insiste-sur-le-mix-de-propulsion-et-met-en-garde-contre-le-manque-de-ressources\/","title":{"rendered":"Le scientifique en chef de Toyota insiste sur le mix de propulsion et met en garde contre le manque de ressources"},"content":{"rendered":"<p><strong>Les voitures \u00e9lectriques sont en plein boom et de nombreux constructeurs pr\u00e9voient de proposer \u00e0 moyen terme des v\u00e9hicules enti\u00e8rement \u00e9lectriques ou uniquement sur des march\u00e9s centraux. <\/strong><\/p>\n<p>Le plus grand constructeur automobile du monde, Toyota, reste en revanche convaincu qu&rsquo;un m\u00e9lange de types de propulsion est meilleur pour le climat. C&rsquo;est ce qu&rsquo;a affirm\u00e9 le scientifique en chef du groupe, Gill Pratt, lors d&rsquo;une conf\u00e9rence donn\u00e9e au d\u00e9but de l&rsquo;ann\u00e9e au Forum \u00e9conomique mondial de Davos et r\u00e9cemment \u00e0 Tokyo.<\/p>\n<p><a href=\"http:\/\/akz-schweiz.ch\/wp-content\/uploads\/2023\/03\/230208-AKZ-_News_Toyota-fr.pdf\" target=\"_blank\" rel=\"noopener\">T\u00e9l\u00e9charger le rapport au format PDF<\/a><\/p>\n","protected":false},"excerpt":{"rendered":"<p>Les voitures \u00e9lectriques sont en plein boom et de nombreux  [&#8230;]<\/p>\n","protected":false},"author":3,"featured_media":684,"comment_status":"open","ping_status":"open","sticky":false,"template":"","format":"standard","meta":{"_seopress_robots_primary_cat":"none","_seopress_titles_title":"","_seopress_titles_desc":"","_seopress_robots_index":"","footnotes":""},"categories":[28],"tags":[],"class_list":["post-788","post","type-post","status-publish","format-standard","has-post-thumbnail","hentry","category-actualites"],"_links":{"self":[{"href":"https:\/\/akz-schweiz.ch\/fr\/wp-json\/wp\/v2\/posts\/788","targetHints":{"allow":["GET"]}}],"collection":[{"href":"https:\/\/akz-schweiz.ch\/fr\/wp-json\/wp\/v2\/posts"}],"about":[{"href":"https:\/\/akz-schweiz.ch\/fr\/wp-json\/wp\/v2\/types\/post"}],"author":[{"embeddable":true,"href":"https:\/\/akz-schweiz.ch\/fr\/wp-json\/wp\/v2\/users\/3"}],"replies":[{"embeddable":true,"href":"https:\/\/akz-schweiz.ch\/fr\/wp-json\/wp\/v2\/comments?post=788"}],"version-history":[{"count":4,"href":"https:\/\/akz-schweiz.ch\/fr\/wp-json\/wp\/v2\/posts\/788\/revisions"}],"predecessor-version":[{"id":803,"href":"https:\/\/akz-schweiz.ch\/fr\/wp-json\/wp\/v2\/posts\/788\/revisions\/803"}],"wp:featuredmedia":[{"embeddable":true,"href":"https:\/\/akz-schweiz.ch\/fr\/wp-json\/wp\/v2\/media\/684"}],"wp:attachment":[{"href":"https:\/\/akz-schweiz.ch\/fr\/wp-json\/wp\/v2\/media?parent=788"}],"wp:term":[{"taxonomy":"category","embeddable":true,"href":"https:\/\/akz-schweiz.ch\/fr\/wp-json\/wp\/v2\/categories?post=788"},{"taxonomy":"post_tag","embeddable":true,"href":"https:\/\/akz-schweiz.ch\/fr\/wp-json\/wp\/v2\/tags?post=788"}],"curies":[{"name":"wp","href":"https:\/\/api.w.org\/{rel}","templated":true}]}}